{"id":331,"date":"2022-12-30T12:13:35","date_gmt":"2022-12-30T11:13:35","guid":{"rendered":"http:\/\/www.latricherie.fr\/?p=331"},"modified":"2024-05-04T10:24:47","modified_gmt":"2024-05-04T08:24:47","slug":"livre-dor-2022","status":"publish","type":"post","link":"http:\/\/www.latricherie.fr\/index.php\/2022\/12\/30\/livre-dor-2022\/","title":{"rendered":"Livre d&rsquo;or 2022"},"content":{"rendered":"\n<p style=\"font-size:30px\"><span style=\"color:#4169e1\" class=\"has-inline-color\">25 d\u00e9cembre 2022<\/span><\/p>\n\n\n\n<p>Un No\u00ebl inoubliable dans un lieu chaleureux. Un vrai bonheur !!<\/p>\n\n\n\n<p>Nous \u00e9tions 12 a profiter de cette maison du bonheur. Merci \u00e0 Jo\u00eblle pour son accueil, sa gentillesse, sa disponibilit\u00e9 et son sourire agr\u00e9able.<br>Anne et la team de No\u00ebl<\/p>\n\n\n\n<figure class=\"wp-block-image size-large\"><img loading=\"lazy\" width=\"1024\" height=\"371\" src=\"http:\/\/www.latricherie.fr\/wp-content\/uploads\/2022\/12\/221225-anne-1024x371.jpg\" alt=\"\" class=\"wp-image-343\" srcset=\"https:\/\/www.latricherie.fr\/wp-content\/uploads\/2022\/12\/221225-anne-1024x371.jpg 1024w, https:\/\/www.latricherie.fr\/wp-content\/uploads\/2022\/12\/221225-anne-300x109.jpg 300w, https:\/\/www.latricherie.fr\/wp-content\/uploads\/2022\/12\/221225-anne-768x278.jpg 768w, https:\/\/www.latricherie.fr\/wp-content\/uploads\/2022\/12\/221225-anne-1536x557.jpg 1536w, https:\/\/www.latricherie.fr\/wp-content\/uploads\/2022\/12\/221225-anne-2048x742.jpg 2048w\" sizes=\"(max-width: 767px) 89vw, (max-width: 1000px) 54vw, (max-width: 1071px) 543px, 580px\" \/><\/figure>\n\n\n\n<p>Merci Jo\u00eblle pour ces merveilleux moment.<\/p>\n\n\n\n<p>A bient\u00f4t<\/p>\n\n\n\n<p>C.<\/p>\n\n\n\n<p style=\"font-size:30px\"><span style=\"color:#4169e1\" class=\"has-inline-color\">04 novembre 2022<\/span><\/p>\n\n\n\n<figure class=\"wp-block-image size-large\"><img loading=\"lazy\" width=\"1024\" height=\"626\" src=\"http:\/\/www.latricherie.fr\/wp-content\/uploads\/2022\/12\/221104-Yukari-1024x626.jpg\" alt=\"\" class=\"wp-image-340\" srcset=\"https:\/\/www.latricherie.fr\/wp-content\/uploads\/2022\/12\/221104-Yukari-1024x626.jpg 1024w, https:\/\/www.latricherie.fr\/wp-content\/uploads\/2022\/12\/221104-Yukari-300x183.jpg 300w, https:\/\/www.latricherie.fr\/wp-content\/uploads\/2022\/12\/221104-Yukari-768x469.jpg 768w, https:\/\/www.latricherie.fr\/wp-content\/uploads\/2022\/12\/221104-Yukari-1536x938.jpg 1536w, https:\/\/www.latricherie.fr\/wp-content\/uploads\/2022\/12\/221104-Yukari-2048x1251.jpg 2048w\" sizes=\"(max-width: 767px) 89vw, (max-width: 1000px) 54vw, (max-width: 1071px) 543px, 580px\" \/><\/figure>\n\n\n\n<p style=\"font-size:30px\"><span style=\"color:#4169e1\" class=\"has-inline-color\">24 octobre 2022<\/span><\/p>\n\n\n\n<p>Thank you so much for this xonderful stay. We had the most fantastic time in such a beautiful, unique and magical house.<\/p>\n\n\n\n<p>famille M.<\/p>\n\n\n\n<p>Pardon, madame, je suis Anglais et je ne parle pas bien fran\u00e7ais, mais ici est magnifique. Merci pour une semaine incroyable.<\/p>\n\n\n\n<p>Jules.<\/p>\n\n\n\n<p style=\"font-size:30px\"><span style=\"color:#4169e1\" class=\"has-inline-color\">28 septembre 2022<\/span><\/p>\n\n\n\n<p>Merci \u00e0 Jo\u00eblle et Bernard pour ce magnifique moment de partage et de d\u00e9couvertes. Gr\u00e2ce \u00e0 vous le Gers est devenu Terre d&rsquo;Amiti\u00e9s et de Reconnaissance. Le cadre somptueux du g\u00eete m\u00e9riterait largement le titre de Patrimoine culturel.<\/p>\n\n\n\n<p>Affectueusement et bonne continuation.<\/p>\n\n\n\n<p>Murielle et Marcel.<\/p>\n\n\n\n<p style=\"font-size:30px\"><span style=\"color:#4169e1\" class=\"has-inline-color\">4 septembre 2022<\/span><\/p>\n\n\n\n<p>Merci Jo\u00eblle pour ce magnifique g\u00eete.<\/p>\n\n\n\n<p>L&rsquo;originalit\u00e9 et le confort, tranquillit\u00e9 et gentillesse, tout y \u00e9tait pour passer un bon s\u00e9jour.<\/p>\n\n\n\n<p>Bonne continuation \u00e0 vous.<\/p>\n\n\n\n<p>Myriam et Patrick B.<\/p>\n\n\n\n<p style=\"font-size:30px\"><span style=\"color:#4169e1\" class=\"has-inline-color\">Du 31 juillet au 13 ao\u00fbt 2022<\/span><\/p>\n\n\n\n<p>un g\u00eetes tr\u00e8s agr\u00e9able, fonctionnel (sauf pour les chambres en enfilade \ud83d\ude42 ). Une piscine magnifique (j&rsquo;en ai fait des longueurs \ud83d\ude42 &#8230;). Des parties de p\u00e9tanques endiabl\u00e9es entre amis. Nous avons beaucoup aim\u00e9 malgr\u00e9 la chaleur.<\/p>\n\n\n\n<p>Merci Jo\u00eblle pour votre accueil.<\/p>\n\n\n\n<p>H\u00e9l\u00e8ne.<\/p>\n\n\n\n<p>PS : j&rsquo;oubliais, le babyfoot nous a rappel\u00e9 notre jeunesse.<\/p>\n\n\n\n<p>Tout pour passer un agr\u00e9able s\u00e9jour et passer une bonne canicule<\/p>\n\n\n\n<p>David.<\/p>\n\n\n\n<p>Nous avons pass\u00e9 de tr\u00e8s bonne vacances.<\/p>\n\n\n\n<p>Piscine g\u00e9niale, o\u00f9 l&rsquo;on peut m\u00eame faire des longueurs !;<\/p>\n\n\n\n<p>G\u00eetes tr\u00e8s fonctionnel, rien ne manque et le petite plus : le babyfoot<\/p>\n\n\n\n<p>Apoline<\/p>\n\n\n\n<p>Merci j&rsquo;ai ador\u00e9 le g\u00eete et le babyfoot<\/p>\n\n\n\n<p>Anthime<\/p>\n\n\n\n<p>Merci pour tout ! <\/p>\n\n\n\n<p>La famille D.<\/p>\n\n\n\n<p style=\"font-size:30px\"><span style=\"color:#4169e1\" class=\"has-inline-color\">Du 13 au 19 juillet 2022<\/span><\/p>\n\n\n\n<p>Que dire, je pense que les personnes pr\u00e9c\u00e9dentes sont d&rsquo;accord, Accueil chaleureux, Jo\u00eblle est tr\u00e8s serviable, s\u00e9jour tr\u00e8s agr\u00e9ables en famille.<\/p>\n\n\n\n<p>A refaire.<\/p>\n\n\n\n<p>Merci \u00e0 tous pour votre accueil.<\/p>\n\n\n\n<p>Andr\u00e9, Evelyne, Marjorie, Jean-Christophe, Nathalie, Alexandre, Elodie et les ados, enfants Enzo, Micka\u00ebl, Maxange, Stecy et la petite derni\u00e8re Lise.<\/p>\n\n\n\n<p>Merci pour tout Jo\u00eblle.<\/p>\n\n\n\n<p><\/p>\n\n\n\n<p style=\"font-size:30px\"><span style=\"color:#4169e1\" class=\"has-inline-color\">Du 28 mai au 4 juin 2022<\/span><\/p>\n\n\n\n<p>Quel s\u00e9jour ! Maison atypique et que dire de notre h\u00f4tesse et de ses d\u00e9licieux repas&#8230;<\/p>\n\n\n\n<p>Merci \u00e0 jo\u00eblle et \u00e0 son accueil si chaleureux !<\/p>\n\n\n\n<p>A bient\u00f4t si possible<\/p>\n\n\n\n<p>Georges M.<\/p>\n\n\n\n<p>10 heures pour arriver jusqu&rsquo;\u00e0 vous, il fallait \u00e7a pour appr\u00e9cier ce g\u00eete que je ne suis pas pr\u00eate d&rsquo;oublier, encore moins Jo\u00eblle notre h\u00f4tesse aux multiples facette, cuisini\u00e8re hors pair, chaleureuse et si attachante.<\/p>\n\n\n\n<p>Bonne continuation \u00e0 vous et longue vie<\/p>\n\n\n\n<p>Marie-Pierre l&rsquo;ard\u00e9choise.<\/p>\n\n\n\n<p>Merci \u00e0 Jo\u00eblle pour son accueil chaleureux et sa g\u00e9n\u00e9rosit\u00e9 tant par l&rsquo;esprit que par sa&#8230;cuisine !<\/p>\n\n\n\n<p>Cette maison a une belle \u00e2me.<\/p>\n\n\n\n<p>Bonne continuation<\/p>\n\n\n\n<p>Sylviane de Saint Etienne et Didier.<\/p>\n\n\n\n<p>C&rsquo;est une charmante demeure o\u00f9 r\u00e8gne l&rsquo;\u00e2me d&rsquo;Andr\u00e9 pr\u00e9sent avec ses \u0153uvres. J&rsquo;admire le jardin o\u00f9 le travail d&rsquo;entretien doit \u00eatre prenant. Belle piscine aussi o\u00f9 il fait bon de se d\u00e9tendre. L&rsquo;ensemble est harmonieux et reposant dans ce domain. Cela seraint bien aussi que je fasse l&rsquo;\u00e9loge de la cuisini\u00e8re mais cela est d\u00e9j\u00e0 fait.<\/p>\n\n\n\n<p>Alors no comment<\/p>\n\n\n\n<p>Janick et Fran\u00e7ois<\/p>\n\n\n\n<p>Merci Jo\u00eblle pour ton accueil vraiment appr\u00e9ci\u00e9s de tous. Cette super cuisine, super il n&rsquo;y a pas de mots pour venter tous ses m\u00e9rites.<\/p>\n\n\n\n<p>F\u00e9licie de Saint Etienne.<\/p>\n\n\n\n<figure class=\"wp-block-image size-large\"><img loading=\"lazy\" width=\"1024\" height=\"306\" src=\"http:\/\/www.latricherie.fr\/wp-content\/uploads\/2022\/12\/220603-elian-1024x306.jpg\" alt=\"\" class=\"wp-image-337\" srcset=\"https:\/\/www.latricherie.fr\/wp-content\/uploads\/2022\/12\/220603-elian-1024x306.jpg 1024w, https:\/\/www.latricherie.fr\/wp-content\/uploads\/2022\/12\/220603-elian-300x90.jpg 300w, https:\/\/www.latricherie.fr\/wp-content\/uploads\/2022\/12\/220603-elian-768x230.jpg 768w, https:\/\/www.latricherie.fr\/wp-content\/uploads\/2022\/12\/220603-elian-1536x459.jpg 1536w, https:\/\/www.latricherie.fr\/wp-content\/uploads\/2022\/12\/220603-elian-2048x612.jpg 2048w\" sizes=\"(max-width: 767px) 89vw, (max-width: 1000px) 54vw, (max-width: 1071px) 543px, 580px\" \/><\/figure>\n\n\n\n<p style=\"font-size:30px\"><span style=\"color:#4169e1\" class=\"has-inline-color\">8 mai 2022 <\/span><\/p>\n\n\n\n<figure class=\"wp-block-image size-large\"><img loading=\"lazy\" width=\"1024\" height=\"774\" src=\"http:\/\/www.latricherie.fr\/wp-content\/uploads\/2022\/12\/220508-famille-saux-munoz-1024x774.jpg\" alt=\"\" class=\"wp-image-334\" srcset=\"https:\/\/www.latricherie.fr\/wp-content\/uploads\/2022\/12\/220508-famille-saux-munoz-1024x774.jpg 1024w, https:\/\/www.latricherie.fr\/wp-content\/uploads\/2022\/12\/220508-famille-saux-munoz-300x227.jpg 300w, https:\/\/www.latricherie.fr\/wp-content\/uploads\/2022\/12\/220508-famille-saux-munoz-768x580.jpg 768w, https:\/\/www.latricherie.fr\/wp-content\/uploads\/2022\/12\/220508-famille-saux-munoz-1536x1161.jpg 1536w, https:\/\/www.latricherie.fr\/wp-content\/uploads\/2022\/12\/220508-famille-saux-munoz-2048x1547.jpg 2048w\" sizes=\"(max-width: 767px) 89vw, (max-width: 1000px) 54vw, (max-width: 1071px) 543px, 580px\" \/><\/figure>\n\n\n\n<p style=\"font-size:30px\"><span style=\"color:#4169e1\" class=\"has-inline-color\">25 avril 2022<\/span><\/p>\n\n\n\n<figure class=\"wp-block-image size-large\"><img loading=\"lazy\" width=\"1024\" height=\"478\" src=\"http:\/\/www.latricherie.fr\/wp-content\/uploads\/2022\/12\/220425-ella-et-nicolas-1-1024x478.jpg\" alt=\"\" class=\"wp-image-333\" srcset=\"https:\/\/www.latricherie.fr\/wp-content\/uploads\/2022\/12\/220425-ella-et-nicolas-1-1024x478.jpg 1024w, https:\/\/www.latricherie.fr\/wp-content\/uploads\/2022\/12\/220425-ella-et-nicolas-1-300x140.jpg 300w, https:\/\/www.latricherie.fr\/wp-content\/uploads\/2022\/12\/220425-ella-et-nicolas-1-768x359.jpg 768w, https:\/\/www.latricherie.fr\/wp-content\/uploads\/2022\/12\/220425-ella-et-nicolas-1-1536x717.jpg 1536w, https:\/\/www.latricherie.fr\/wp-content\/uploads\/2022\/12\/220425-ella-et-nicolas-1-2048x956.jpg 2048w\" sizes=\"(max-width: 767px) 89vw, (max-width: 1000px) 54vw, (max-width: 1071px) 543px, 580px\" \/><\/figure>\n\n\n\n<p style=\"font-size:30px\"><span style=\"color:#4169e1\" class=\"has-inline-color\">24 avril 2022<\/span><\/p>\n\n\n\n<p>Merci pour l&rsquo;accueil l&rsquo;endroit est magnifique les chambres sont r\u00e9alis\u00e9e avec beaucoup de go\u00fbt. Encore merci \u00e0 bient\u00f4t<\/p>\n\n\n\n<p>Famille E.<\/p>\n\n\n\n<p style=\"font-size:30px\"><span style=\"color:#4169e1\" class=\"has-inline-color\">Week-end de P\u00e2ques 2022<\/span><\/p>\n\n\n\n<p>Un agr\u00e9able s\u00e9jour en famille pour f\u00eater les 85 ans de notre maman et grand-m\u00e8re.<\/p>\n\n\n\n<p>La maison est tr\u00e8s agr\u00e9able et confortable et l&rsquo;accueil de Jo\u00eblle chaleureux<\/p>\n\n\n\n<p>Nous avons tous appr\u00e9ci\u00e9 son repas gascon !<\/p>\n\n\n\n<p>Un moment de bonheur partag\u00e9, dans une douce atmosph\u00e8re gersoise.<\/p>\n\n\n\n<p>Mamie Ginette, Famille B.<\/p>\n\n\n\n<p>Merci pour tout, tout \u00e9tait parfait on reviendra !!!<\/p>\n\n\n\n<p>Marielo.<\/p>\n\n\n\n<p style=\"font-size:30px\"><span style=\"color:#4169e1\" class=\"has-inline-color\">Du 1er au 3 avril 2022<\/span><\/p>\n\n\n\n<p>Un petit s\u00e9jour de 3 jour \u00e0 la d\u00e9couverte de ce d\u00e9partement du Gers. Tr\u00e8s joli s\u00e9jour au c\u0153ur du Sud-Ouest et en plein paysage Gersois avec ses collines verdoyantes et ses petits villages et ch\u00e2teaux. Certainement dans le top 10 des d\u00e9partements Fran\u00e7ais avec la Bretagne. F\u00e9licitation pour la gastronomie de ce terroir avec tous ses produits locaux.<\/p>\n\n\n\n<p>Un grand merci \u00e0 Jo\u00eblle pour son accueil chaleureux et familial, nous avons appr\u00e9ci\u00e9s ses bons petits plats savoureux, c&rsquo;\u00e9tait un d\u00e9lice et un r\u00e9gal pour les papille, et de plus avec toute la famille. <\/p>\n\n\n\n<p>Nous recommandons cet \u00e9tablissement, g\u00eete atypique o\u00f9 il fait bon s&rsquo;y reposer.<\/p>\n\n\n\n<p>Nous avons pass\u00e9s un excellent week-end et belles soir\u00e9es.<\/p>\n\n\n\n<p>Merci encore, oui sans doute nous reviendront.<\/p>\n\n\n\n<p>Vive le Gers et la Bretagne<\/p>\n\n\n\n<p>Marie-H\u00e9l\u00e8ne et Alain<\/p>\n\n\n\n<p style=\"font-size:30px\"><span style=\"color:#4169e1\" class=\"has-inline-color\">Week-end du 25 au 27 mars<\/span><\/p>\n\n\n\n<p>Merci \u00e0 Jo\u00eblle pour la qualit\u00e9 de son accueil, de plus c&rsquo;est une cuisini\u00e8re hors pair !<\/p>\n\n\n\n<p>La maison est magnifique et r\u00e9serve bien des surprises. Nous avons pass\u00e9 un excellent week-end qui nous n&rsquo;oublierons pas de sit\u00f4t.<\/p>\n\n\n\n<p>A Bient\u00f4t. Caroline et Christian.<\/p>\n","protected":false},"excerpt":{"rendered":"<p>25 d\u00e9cembre 2022 Un No\u00ebl inoubliable dans un lieu chaleureux. Un vrai bonheur !! Nous \u00e9tions 12 a profiter de cette maison du bonheur. Merci \u00e0 Jo\u00eblle pour son accueil, sa gentillesse, sa disponibilit\u00e9 et son sourire agr\u00e9able.Anne et la team de No\u00ebl Merci Jo\u00eblle pour ces merveilleux moment. A bient\u00f4t C. 04 novembre 2022 &hellip; <\/p>\n<p class=\"link-more\"><a href=\"http:\/\/www.latricherie.fr\/index.php\/2022\/12\/30\/livre-dor-2022\/\" class=\"more-link\">Continuer la lecture<span class=\"screen-reader-text\"> de &laquo;&nbsp;Livre d&rsquo;or 2022&nbsp;&raquo;<\/span><\/a><\/p>\n","protected":false},"author":1,"featured_media":0,"comment_status":"closed","ping_status":"closed","sticky":false,"template":"","format":"standard","meta":[],"categories":[4],"tags":[],"_links":{"self":[{"href":"http:\/\/www.latricherie.fr\/index.php\/wp-json\/wp\/v2\/posts\/331"}],"collection":[{"href":"http:\/\/www.latricherie.fr\/index.php\/wp-json\/wp\/v2\/posts"}],"about":[{"href":"http:\/\/www.latricherie.fr\/index.php\/wp-json\/wp\/v2\/types\/post"}],"author":[{"embeddable":true,"href":"http:\/\/www.latricherie.fr\/index.php\/wp-json\/wp\/v2\/users\/1"}],"replies":[{"embeddable":true,"href":"http:\/\/www.latricherie.fr\/index.php\/wp-json\/wp\/v2\/comments?post=331"}],"version-history":[{"count":4,"href":"http:\/\/www.latricherie.fr\/index.php\/wp-json\/wp\/v2\/posts\/331\/revisions"}],"predecessor-version":[{"id":344,"href":"http:\/\/www.latricherie.fr\/index.php\/wp-json\/wp\/v2\/posts\/331\/revisions\/344"}],"wp:attachment":[{"href":"http:\/\/www.latricherie.fr\/index.php\/wp-json\/wp\/v2\/media?parent=331"}],"wp:term":[{"taxonomy":"category","embeddable":true,"href":"http:\/\/www.latricherie.fr\/index.php\/wp-json\/wp\/v2\/categories?post=331"},{"taxonomy":"post_tag","embeddable":true,"href":"http:\/\/www.latricherie.fr\/index.php\/wp-json\/wp\/v2\/tags?post=331"}],"curies":[{"name":"wp","href":"https:\/\/api.w.org\/{rel}","templated":true}]}}